{"id":19420,"date":"2026-07-14T19:33:54","date_gmt":"2026-07-14T17:33:54","guid":{"rendered":"https:\/\/www.fundacionmariaauxiliadora.org\/oferta-laboral-fdma-tecnico-a-comunicacion\/"},"modified":"2026-07-17T09:07:07","modified_gmt":"2026-07-17T07:07:07","slug":"oferta-laboral-fdma-tecnico-a-comunicacion","status":"publish","type":"post","link":"https:\/\/www.fundacionmariaauxiliadora.org\/ca\/oferta-laboral-fdma-tecnico-a-comunicacion\/","title":{"rendered":"Oferta laboral FdMA | T\u00e8cnic\/a de Comunicaci\u00f3"},"content":{"rendered":"<p>La Fundaci\u00f3 Maria Auxiliadora ofereix una vacant de feina com a<\/p>\n<h5 style=\"text-align: center;\"><span style=\"color: #155091;\"><strong>T\u00c9CNIC\/A DE COMUNICACI\u00d3<\/strong><\/span><\/h5>\n<p style=\"text-align: center;\">25,00 hores setmanals &#8211; Val\u00e8ncia<\/p>\n<p>Incorporaci\u00f3 immediata.<\/p>\n<p>Es requereix experi\u00e8ncia en el m\u00f3n de la comunicaci\u00f3 d&#8217;entitats socials.<\/p>\n<p><a href=\"https:\/\/drive.google.com\/file\/d\/1TR-Rtm9zKD6mWYwGZIqHX2YegGGiYvvS\/view?usp=drive_link\" target=\"_blank\" rel=\"noopener\"><span style=\"color: #e74133;\"><strong><u>\u21d3<\/u><\/strong><strong><u>Descarrega la descripci\u00f3 completa de l&#8217;oferta.<\/u><\/strong><\/span><\/a><!--more--><\/p>\n<p><span style=\"color: #f8af00;\"><strong>PRESENTACI\u00d3 DE CANDIDATURES<\/strong><\/span><\/p>\n<ul>\n<li>Envia el teu curr\u00edculum actualitzat abans del 31\/07\/2026.<\/li>\n<li>A l&#8217;adre\u00e7a electr\u00f2nica seg\u00fcent, indicant a l&#8217;assumpte: COMUNICACI\u00d3 <a href=\"mailto:curriculums@fundacionma.org\">curriculums@fundacionma.org<\/a><\/li>\n<\/ul>\n","protected":false},"excerpt":{"rendered":"<p>La FdMA oferta un puesto como T\u00e9cnico\/a de Comunicaci\u00f3n de la entidad.<\/p>\n","protected":false},"author":4,"featured_media":19419,"comment_status":"closed","ping_status":"closed","sticky":false,"template":"","format":"standard","meta":{"_monsterinsights_skip_tracking":false,"_monsterinsights_sitenote_active":false,"_monsterinsights_sitenote_note":"","_monsterinsights_sitenote_category":0,"footnotes":""},"categories":[522,514,521,520,513],"tags":[523],"class_list":["post-19420","post","type-post","status-publish","format-standard","has-post-thumbnail","hentry","category-fdma-cerdanyola-del-valles","category-fdma-comunitat-valenciana","category-fdma-sant-vicenc-dels-horts-2","category-fdma-saragossa","category-fdma-terrassa","tag-ofertaempleo"],"_links":{"self":[{"href":"https:\/\/www.fundacionmariaauxiliadora.org\/ca\/wp-json\/wp\/v2\/posts\/19420","targetHints":{"allow":["GET"]}}],"collection":[{"href":"https:\/\/www.fundacionmariaauxiliadora.org\/ca\/wp-json\/wp\/v2\/posts"}],"about":[{"href":"https:\/\/www.fundacionmariaauxiliadora.org\/ca\/wp-json\/wp\/v2\/types\/post"}],"author":[{"embeddable":true,"href":"https:\/\/www.fundacionmariaauxiliadora.org\/ca\/wp-json\/wp\/v2\/users\/4"}],"replies":[{"embeddable":true,"href":"https:\/\/www.fundacionmariaauxiliadora.org\/ca\/wp-json\/wp\/v2\/comments?post=19420"}],"version-history":[{"count":2,"href":"https:\/\/www.fundacionmariaauxiliadora.org\/ca\/wp-json\/wp\/v2\/posts\/19420\/revisions"}],"predecessor-version":[{"id":19422,"href":"https:\/\/www.fundacionmariaauxiliadora.org\/ca\/wp-json\/wp\/v2\/posts\/19420\/revisions\/19422"}],"wp:featuredmedia":[{"embeddable":true,"href":"https:\/\/www.fundacionmariaauxiliadora.org\/ca\/wp-json\/wp\/v2\/media\/19419"}],"wp:attachment":[{"href":"https:\/\/www.fundacionmariaauxiliadora.org\/ca\/wp-json\/wp\/v2\/media?parent=19420"}],"wp:term":[{"taxonomy":"category","embeddable":true,"href":"https:\/\/www.fundacionmariaauxiliadora.org\/ca\/wp-json\/wp\/v2\/categories?post=19420"},{"taxonomy":"post_tag","embeddable":true,"href":"https:\/\/www.fundacionmariaauxiliadora.org\/ca\/wp-json\/wp\/v2\/tags?post=19420"}],"curies":[{"name":"wp","href":"https:\/\/api.w.org\/{rel}","templated":true}]}}